
{"id":3757,"date":"2026-04-27T14:27:33","date_gmt":"2026-04-27T12:27:33","guid":{"rendered":"https:\/\/przedszkole87.edu.wroclaw.pl\/?p=3757"},"modified":"2026-04-27T14:28:01","modified_gmt":"2026-04-27T12:28:01","slug":"drugie-zycie-kartonow-kreatywne-dzialania-ekologiczne","status":"publish","type":"post","link":"https:\/\/przedszkole87.edu.wroclaw.pl\/index.php\/2026\/04\/27\/drugie-zycie-kartonow-kreatywne-dzialania-ekologiczne\/","title":{"rendered":"Drugie \u017cycie karton\u00f3w \u2013 kreatywne dzia\u0142ania ekologiczne"},"content":{"rendered":"<p class=\"isSelectedEnd\">W ramach naszych dzia\u0142a\u0144 ekologicznych dzieci wzi\u0119\u0142y udzia\u0142 w wyj\u0105tkowych zaj\u0119ciach plastycznych, podczas kt\u00f3rych tworzy\u0142y kreatywne prace z materia\u0142\u00f3w przeznaczonych do recyklingu.<\/p>\n<p class=\"isSelectedEnd\">Stare kartony, opakowania i inne surowce wt\u00f3rne zyska\u0142y nowe \u017cycie jako niezwyk\u0142e dzie\u0142a dzieci\u0119cej wyobra\u017ani. Podczas zaj\u0119\u0107 przedszkolaki nie tylko rozwija\u0142y swoje zdolno\u015bci manualne i kreatywno\u015b\u0107, ale tak\u017ce uczy\u0142y si\u0119, jak wa\u017cne jest ponowne wykorzystywanie materia\u0142\u00f3w i dbanie o \u015brodowisko naturalne.<\/p>\n<p>Takie dzia\u0142ania pomagaj\u0105 kszta\u0142towa\u0107 postawy proekologiczne ju\u017c od najm\u0142odszych lat i pokazuj\u0105, \u017ce ka\u017cdy z nas mo\u017ce mie\u0107 realny wp\u0142yw na ochron\u0119 naszej planety.<\/p>\n<p><img loading=\"lazy\" decoding=\"async\" class=\"\" src=\"https:\/\/przedszkole87.edu.wroclaw.pl\/wp-content\/uploads\/sites\/73\/2026\/04\/IMG_9445-scaled.jpeg\" alt=\"\" width=\"687\" height=\"515\" \/>\u00a0<img loading=\"lazy\" decoding=\"async\" class=\"\" src=\"https:\/\/przedszkole87.edu.wroclaw.pl\/wp-content\/uploads\/sites\/73\/2026\/04\/IMG_9325-scaled.jpeg\" alt=\"\" width=\"385\" height=\"512\" \/><\/p>\n<p>&nbsp;<\/p>\n","protected":false},"excerpt":{"rendered":"<p>W ramach naszych dzia\u0142a\u0144 ekologicznych dzieci wzi\u0119\u0142y udzia\u0142 w wyj\u0105tkowych zaj\u0119ciach plastycznych, podczas kt\u00f3rych tworzy\u0142y kreatywne prace z materia\u0142\u00f3w przeznaczonych do recyklingu. Stare kartony, opakowania i inne surowce wt\u00f3rne zyska\u0142y [&hellip;]<\/p>\n","protected":false},"author":472,"featured_media":0,"comment_status":"open","ping_status":"open","sticky":false,"template":"","format":"standard","meta":{"ngg_post_thumbnail":0,"footnotes":""},"categories":[1],"tags":[],"class_list":["post-3757","post","type-post","status-publish","format-standard","hentry","category-aktualnosci","clearfix"],"_links":{"self":[{"href":"https:\/\/przedszkole87.edu.wroclaw.pl\/index.php\/wp-json\/wp\/v2\/posts\/3757","targetHints":{"allow":["GET"]}}],"collection":[{"href":"https:\/\/przedszkole87.edu.wroclaw.pl\/index.php\/wp-json\/wp\/v2\/posts"}],"about":[{"href":"https:\/\/przedszkole87.edu.wroclaw.pl\/index.php\/wp-json\/wp\/v2\/types\/post"}],"author":[{"embeddable":true,"href":"https:\/\/przedszkole87.edu.wroclaw.pl\/index.php\/wp-json\/wp\/v2\/users\/472"}],"replies":[{"embeddable":true,"href":"https:\/\/przedszkole87.edu.wroclaw.pl\/index.php\/wp-json\/wp\/v2\/comments?post=3757"}],"version-history":[{"count":2,"href":"https:\/\/przedszkole87.edu.wroclaw.pl\/index.php\/wp-json\/wp\/v2\/posts\/3757\/revisions"}],"predecessor-version":[{"id":3761,"href":"https:\/\/przedszkole87.edu.wroclaw.pl\/index.php\/wp-json\/wp\/v2\/posts\/3757\/revisions\/3761"}],"wp:attachment":[{"href":"https:\/\/przedszkole87.edu.wroclaw.pl\/index.php\/wp-json\/wp\/v2\/media?parent=3757"}],"wp:term":[{"taxonomy":"category","embeddable":true,"href":"https:\/\/przedszkole87.edu.wroclaw.pl\/index.php\/wp-json\/wp\/v2\/categories?post=3757"},{"taxonomy":"post_tag","embeddable":true,"href":"https:\/\/przedszkole87.edu.wroclaw.pl\/index.php\/wp-json\/wp\/v2\/tags?post=3757"}],"curies":[{"name":"wp","href":"https:\/\/api.w.org\/{rel}","templated":true}]}}