
{"id":3583,"date":"2026-03-23T16:33:08","date_gmt":"2026-03-23T15:33:08","guid":{"rendered":"https:\/\/przedszkole87.edu.wroclaw.pl\/?p=3583"},"modified":"2026-03-31T14:37:24","modified_gmt":"2026-03-31T12:37:24","slug":"wiosenna-parada-wroclawskich-dzieciakow","status":"publish","type":"post","link":"https:\/\/przedszkole87.edu.wroclaw.pl\/index.php\/2026\/03\/23\/wiosenna-parada-wroclawskich-dzieciakow\/","title":{"rendered":"Wiosenna parada Wroc\u0142awskich Dzieciak\u00f3w"},"content":{"rendered":"<p data-start=\"0\" data-end=\"201\"><span style=\"font-size: 20px\">W naszym przedszkolu wiosna zosta\u0142a powitana w wyj\u0105tkowo radosny i kolorowy spos\u00f3b! \ud83c\udf37\ud83c\udf3c Z tej okazji zorganizowali\u015bmy wiosenn\u0105 parad\u0119, na kt\u00f3r\u0105 dzieci przygotowa\u0142y wsp\u00f3lnie z rodzicami kolorowe grzechotki z r\u00f3\u017cnorodnych materia\u0142\u00f3w. Przedszkolaki, wyposa\u017cone w swoje instrumenty, wyruszy\u0142y na wsp\u00f3lny spacer, podczas kt\u00f3rego radosnymi d\u017awi\u0119kami i \u015bpiewem wita\u0142y wiosn\u0119.<\/span><\/p>\n<p data-start=\"0\" data-end=\"201\">\n","protected":false},"excerpt":{"rendered":"<p>W naszym przedszkolu wiosna zosta\u0142a powitana w wyj\u0105tkowo radosny i kolorowy spos\u00f3b! \ud83c\udf37\ud83c\udf3c Z tej okazji zorganizowali\u015bmy wiosenn\u0105 parad\u0119, na kt\u00f3r\u0105 dzieci przygotowa\u0142y wsp\u00f3lnie z rodzicami kolorowe grzechotki z r\u00f3\u017cnorodnych [&hellip;]<\/p>\n","protected":false},"author":369,"featured_media":0,"comment_status":"open","ping_status":"open","sticky":false,"template":"","format":"standard","meta":{"ngg_post_thumbnail":0,"footnotes":""},"categories":[1],"tags":[],"class_list":["post-3583","post","type-post","status-publish","format-standard","hentry","category-aktualnosci","clearfix"],"_links":{"self":[{"href":"https:\/\/przedszkole87.edu.wroclaw.pl\/index.php\/wp-json\/wp\/v2\/posts\/3583","targetHints":{"allow":["GET"]}}],"collection":[{"href":"https:\/\/przedszkole87.edu.wroclaw.pl\/index.php\/wp-json\/wp\/v2\/posts"}],"about":[{"href":"https:\/\/przedszkole87.edu.wroclaw.pl\/index.php\/wp-json\/wp\/v2\/types\/post"}],"author":[{"embeddable":true,"href":"https:\/\/przedszkole87.edu.wroclaw.pl\/index.php\/wp-json\/wp\/v2\/users\/369"}],"replies":[{"embeddable":true,"href":"https:\/\/przedszkole87.edu.wroclaw.pl\/index.php\/wp-json\/wp\/v2\/comments?post=3583"}],"version-history":[{"count":8,"href":"https:\/\/przedszkole87.edu.wroclaw.pl\/index.php\/wp-json\/wp\/v2\/posts\/3583\/revisions"}],"predecessor-version":[{"id":3667,"href":"https:\/\/przedszkole87.edu.wroclaw.pl\/index.php\/wp-json\/wp\/v2\/posts\/3583\/revisions\/3667"}],"wp:attachment":[{"href":"https:\/\/przedszkole87.edu.wroclaw.pl\/index.php\/wp-json\/wp\/v2\/media?parent=3583"}],"wp:term":[{"taxonomy":"category","embeddable":true,"href":"https:\/\/przedszkole87.edu.wroclaw.pl\/index.php\/wp-json\/wp\/v2\/categories?post=3583"},{"taxonomy":"post_tag","embeddable":true,"href":"https:\/\/przedszkole87.edu.wroclaw.pl\/index.php\/wp-json\/wp\/v2\/tags?post=3583"}],"curies":[{"name":"wp","href":"https:\/\/api.w.org\/{rel}","templated":true}]}}