
{"id":2630,"date":"2025-09-20T22:19:26","date_gmt":"2025-09-20T20:19:26","guid":{"rendered":"https:\/\/przedszkole87.edu.wroclaw.pl\/?p=2630"},"modified":"2026-03-30T20:37:07","modified_gmt":"2026-03-30T18:37:07","slug":"iii-miejsce-wroclawskich-dzieciakow-w-biegu-solidarnosci","status":"publish","type":"post","link":"https:\/\/przedszkole87.edu.wroclaw.pl\/index.php\/2025\/09\/20\/iii-miejsce-wroclawskich-dzieciakow-w-biegu-solidarnosci\/","title":{"rendered":"III miejsce Wroc\u0142awskich Dzieciak\u00f3w w Biegu Solidarno\u015bci"},"content":{"rendered":"<p><span style=\"font-size: 20px\">Nasze Przedszkole zaj\u0119\u0142o III miejsce w 33 BIEGU SOLIDARNO\u015aCI. Gratulujemy naszym zdolnym Przedszkolakom \ud83d\ude42<\/span><\/p>\n<p><img loading=\"lazy\" decoding=\"async\" class=\"alignnone size-medium wp-image-2632\" src=\"https:\/\/przedszkole87.edu.wroclaw.pl\/wp-content\/uploads\/sites\/73\/2025\/09\/IMG-20250915-WA0001-300x225.jpg\" alt=\"\" width=\"300\" height=\"225\" srcset=\"https:\/\/przedszkole87.edu.wroclaw.pl\/wp-content\/uploads\/sites\/73\/2025\/09\/IMG-20250915-WA0001-300x225.jpg 300w, https:\/\/przedszkole87.edu.wroclaw.pl\/wp-content\/uploads\/sites\/73\/2025\/09\/IMG-20250915-WA0001-1024x768.jpg 1024w, https:\/\/przedszkole87.edu.wroclaw.pl\/wp-content\/uploads\/sites\/73\/2025\/09\/IMG-20250915-WA0001-768x576.jpg 768w, https:\/\/przedszkole87.edu.wroclaw.pl\/wp-content\/uploads\/sites\/73\/2025\/09\/IMG-20250915-WA0001-1536x1152.jpg 1536w, https:\/\/przedszkole87.edu.wroclaw.pl\/wp-content\/uploads\/sites\/73\/2025\/09\/IMG-20250915-WA0001.jpg 2000w\" sizes=\"auto, (max-width: 300px) 100vw, 300px\" \/><\/p>\n","protected":false},"excerpt":{"rendered":"<p>Nasze Przedszkole zaj\u0119\u0142o III miejsce w 33 BIEGU SOLIDARNO\u015aCI. Gratulujemy naszym zdolnym Przedszkolakom \ud83d\ude42<\/p>\n","protected":false},"author":369,"featured_media":0,"comment_status":"open","ping_status":"open","sticky":false,"template":"","format":"standard","meta":{"ngg_post_thumbnail":0,"footnotes":""},"categories":[1],"tags":[],"class_list":["post-2630","post","type-post","status-publish","format-standard","hentry","category-aktualnosci","clearfix"],"_links":{"self":[{"href":"https:\/\/przedszkole87.edu.wroclaw.pl\/index.php\/wp-json\/wp\/v2\/posts\/2630","targetHints":{"allow":["GET"]}}],"collection":[{"href":"https:\/\/przedszkole87.edu.wroclaw.pl\/index.php\/wp-json\/wp\/v2\/posts"}],"about":[{"href":"https:\/\/przedszkole87.edu.wroclaw.pl\/index.php\/wp-json\/wp\/v2\/types\/post"}],"author":[{"embeddable":true,"href":"https:\/\/przedszkole87.edu.wroclaw.pl\/index.php\/wp-json\/wp\/v2\/users\/369"}],"replies":[{"embeddable":true,"href":"https:\/\/przedszkole87.edu.wroclaw.pl\/index.php\/wp-json\/wp\/v2\/comments?post=2630"}],"version-history":[{"count":4,"href":"https:\/\/przedszkole87.edu.wroclaw.pl\/index.php\/wp-json\/wp\/v2\/posts\/2630\/revisions"}],"predecessor-version":[{"id":3663,"href":"https:\/\/przedszkole87.edu.wroclaw.pl\/index.php\/wp-json\/wp\/v2\/posts\/2630\/revisions\/3663"}],"wp:attachment":[{"href":"https:\/\/przedszkole87.edu.wroclaw.pl\/index.php\/wp-json\/wp\/v2\/media?parent=2630"}],"wp:term":[{"taxonomy":"category","embeddable":true,"href":"https:\/\/przedszkole87.edu.wroclaw.pl\/index.php\/wp-json\/wp\/v2\/categories?post=2630"},{"taxonomy":"post_tag","embeddable":true,"href":"https:\/\/przedszkole87.edu.wroclaw.pl\/index.php\/wp-json\/wp\/v2\/tags?post=2630"}],"curies":[{"name":"wp","href":"https:\/\/api.w.org\/{rel}","templated":true}]}}