
{"id":2611,"date":"2025-08-25T17:38:06","date_gmt":"2025-08-25T15:38:06","guid":{"rendered":"https:\/\/przedszkole87.edu.wroclaw.pl\/?p=2611"},"modified":"2025-08-25T18:09:22","modified_gmt":"2025-08-25T16:09:22","slug":"wycieczka-do-radia-wroclaw","status":"publish","type":"post","link":"https:\/\/przedszkole87.edu.wroclaw.pl\/index.php\/2025\/08\/25\/wycieczka-do-radia-wroclaw\/","title":{"rendered":"Wycieczka do Radia Wroc\u0142aw"},"content":{"rendered":"<p>Nasze przedszkolaki z zer\u00f3wki odwiedzi\u0142y Radio Wroc\u0142aw. Zwiedzi\u0142y redakcj\u0119, muzeum radia, a tak\u017ce mog\u0142y poczu\u0107 si\u0119 jak prawdziwi radiowcy, nagrywaj\u0105c swoje wypowiedzi przed mikrofonem. Wycieczka odby\u0142a si\u0119 dzi\u0119ki zaproszeniu mamy jednego z naszych wychowank\u00f3w \u2013 dzi\u0119kujemy!<\/p>\n<p><img loading=\"lazy\" decoding=\"async\" class=\"alignnone size-medium wp-image-2612\" src=\"https:\/\/przedszkole87.edu.wroclaw.pl\/wp-content\/uploads\/sites\/73\/2025\/08\/r1-225x300.jpg\" alt=\"\" width=\"225\" height=\"300\" srcset=\"https:\/\/przedszkole87.edu.wroclaw.pl\/wp-content\/uploads\/sites\/73\/2025\/08\/r1-225x300.jpg 225w, https:\/\/przedszkole87.edu.wroclaw.pl\/wp-content\/uploads\/sites\/73\/2025\/08\/r1-768x1024.jpg 768w, https:\/\/przedszkole87.edu.wroclaw.pl\/wp-content\/uploads\/sites\/73\/2025\/08\/r1-1152x1536.jpg 1152w, https:\/\/przedszkole87.edu.wroclaw.pl\/wp-content\/uploads\/sites\/73\/2025\/08\/r1.jpg 1512w\" sizes=\"auto, (max-width: 225px) 100vw, 225px\" \/> <img loading=\"lazy\" decoding=\"async\" class=\"alignnone size-medium wp-image-2613\" src=\"https:\/\/przedszkole87.edu.wroclaw.pl\/wp-content\/uploads\/sites\/73\/2025\/08\/r2-225x300.jpg\" alt=\"\" width=\"225\" height=\"300\" srcset=\"https:\/\/przedszkole87.edu.wroclaw.pl\/wp-content\/uploads\/sites\/73\/2025\/08\/r2-225x300.jpg 225w, https:\/\/przedszkole87.edu.wroclaw.pl\/wp-content\/uploads\/sites\/73\/2025\/08\/r2-768x1024.jpg 768w, https:\/\/przedszkole87.edu.wroclaw.pl\/wp-content\/uploads\/sites\/73\/2025\/08\/r2-1152x1536.jpg 1152w, https:\/\/przedszkole87.edu.wroclaw.pl\/wp-content\/uploads\/sites\/73\/2025\/08\/r2.jpg 1512w\" sizes=\"auto, (max-width: 225px) 100vw, 225px\" \/> <img loading=\"lazy\" decoding=\"async\" class=\"alignnone size-medium wp-image-2614\" src=\"https:\/\/przedszkole87.edu.wroclaw.pl\/wp-content\/uploads\/sites\/73\/2025\/08\/r3-225x300.jpg\" alt=\"\" width=\"225\" height=\"300\" srcset=\"https:\/\/przedszkole87.edu.wroclaw.pl\/wp-content\/uploads\/sites\/73\/2025\/08\/r3-225x300.jpg 225w, https:\/\/przedszkole87.edu.wroclaw.pl\/wp-content\/uploads\/sites\/73\/2025\/08\/r3-768x1024.jpg 768w, https:\/\/przedszkole87.edu.wroclaw.pl\/wp-content\/uploads\/sites\/73\/2025\/08\/r3-1152x1536.jpg 1152w, https:\/\/przedszkole87.edu.wroclaw.pl\/wp-content\/uploads\/sites\/73\/2025\/08\/r3.jpg 1512w\" sizes=\"auto, (max-width: 225px) 100vw, 225px\" \/> <img loading=\"lazy\" decoding=\"async\" class=\"alignnone size-medium wp-image-2615\" src=\"https:\/\/przedszkole87.edu.wroclaw.pl\/wp-content\/uploads\/sites\/73\/2025\/08\/r4-225x300.jpg\" alt=\"\" width=\"225\" height=\"300\" srcset=\"https:\/\/przedszkole87.edu.wroclaw.pl\/wp-content\/uploads\/sites\/73\/2025\/08\/r4-225x300.jpg 225w, https:\/\/przedszkole87.edu.wroclaw.pl\/wp-content\/uploads\/sites\/73\/2025\/08\/r4-768x1024.jpg 768w, https:\/\/przedszkole87.edu.wroclaw.pl\/wp-content\/uploads\/sites\/73\/2025\/08\/r4-1152x1536.jpg 1152w, https:\/\/przedszkole87.edu.wroclaw.pl\/wp-content\/uploads\/sites\/73\/2025\/08\/r4.jpg 1512w\" sizes=\"auto, (max-width: 225px) 100vw, 225px\" \/> <img loading=\"lazy\" decoding=\"async\" class=\"alignnone size-medium wp-image-2616\" src=\"https:\/\/przedszkole87.edu.wroclaw.pl\/wp-content\/uploads\/sites\/73\/2025\/08\/r5-225x300.jpg\" alt=\"\" width=\"225\" height=\"300\" srcset=\"https:\/\/przedszkole87.edu.wroclaw.pl\/wp-content\/uploads\/sites\/73\/2025\/08\/r5-225x300.jpg 225w, https:\/\/przedszkole87.edu.wroclaw.pl\/wp-content\/uploads\/sites\/73\/2025\/08\/r5-768x1024.jpg 768w, https:\/\/przedszkole87.edu.wroclaw.pl\/wp-content\/uploads\/sites\/73\/2025\/08\/r5-1152x1536.jpg 1152w, https:\/\/przedszkole87.edu.wroclaw.pl\/wp-content\/uploads\/sites\/73\/2025\/08\/r5.jpg 1512w\" sizes=\"auto, (max-width: 225px) 100vw, 225px\" \/><\/p>\n<p>&nbsp;<\/p>\n<p>&nbsp;<\/p>\n","protected":false},"excerpt":{"rendered":"<p>Nasze przedszkolaki z zer\u00f3wki odwiedzi\u0142y Radio Wroc\u0142aw. Zwiedzi\u0142y redakcj\u0119, muzeum radia, a tak\u017ce mog\u0142y poczu\u0107 si\u0119 jak prawdziwi radiowcy, nagrywaj\u0105c swoje wypowiedzi przed mikrofonem. Wycieczka odby\u0142a si\u0119 dzi\u0119ki zaproszeniu mamy [&hellip;]<\/p>\n","protected":false},"author":369,"featured_media":0,"comment_status":"open","ping_status":"open","sticky":false,"template":"","format":"standard","meta":{"ngg_post_thumbnail":0,"footnotes":""},"categories":[1],"tags":[],"class_list":["post-2611","post","type-post","status-publish","format-standard","hentry","category-aktualnosci","clearfix"],"_links":{"self":[{"href":"https:\/\/przedszkole87.edu.wroclaw.pl\/index.php\/wp-json\/wp\/v2\/posts\/2611","targetHints":{"allow":["GET"]}}],"collection":[{"href":"https:\/\/przedszkole87.edu.wroclaw.pl\/index.php\/wp-json\/wp\/v2\/posts"}],"about":[{"href":"https:\/\/przedszkole87.edu.wroclaw.pl\/index.php\/wp-json\/wp\/v2\/types\/post"}],"author":[{"embeddable":true,"href":"https:\/\/przedszkole87.edu.wroclaw.pl\/index.php\/wp-json\/wp\/v2\/users\/369"}],"replies":[{"embeddable":true,"href":"https:\/\/przedszkole87.edu.wroclaw.pl\/index.php\/wp-json\/wp\/v2\/comments?post=2611"}],"version-history":[{"count":1,"href":"https:\/\/przedszkole87.edu.wroclaw.pl\/index.php\/wp-json\/wp\/v2\/posts\/2611\/revisions"}],"predecessor-version":[{"id":2617,"href":"https:\/\/przedszkole87.edu.wroclaw.pl\/index.php\/wp-json\/wp\/v2\/posts\/2611\/revisions\/2617"}],"wp:attachment":[{"href":"https:\/\/przedszkole87.edu.wroclaw.pl\/index.php\/wp-json\/wp\/v2\/media?parent=2611"}],"wp:term":[{"taxonomy":"category","embeddable":true,"href":"https:\/\/przedszkole87.edu.wroclaw.pl\/index.php\/wp-json\/wp\/v2\/categories?post=2611"},{"taxonomy":"post_tag","embeddable":true,"href":"https:\/\/przedszkole87.edu.wroclaw.pl\/index.php\/wp-json\/wp\/v2\/tags?post=2611"}],"curies":[{"name":"wp","href":"https:\/\/api.w.org\/{rel}","templated":true}]}}