
{"id":2495,"date":"2025-05-21T18:11:40","date_gmt":"2025-05-21T16:11:40","guid":{"rendered":"https:\/\/przedszkole87.edu.wroclaw.pl\/?p=2495"},"modified":"2025-05-23T14:39:54","modified_gmt":"2025-05-23T12:39:54","slug":"festyn-rodzinny","status":"publish","type":"post","link":"https:\/\/przedszkole87.edu.wroclaw.pl\/index.php\/2025\/05\/21\/festyn-rodzinny\/","title":{"rendered":"Festyn Rodzinny"},"content":{"rendered":"<p><img loading=\"lazy\" decoding=\"async\" class=\"alignleft\" src=\"https:\/\/www.przedszkolelesko.pl\/wp-content\/uploads\/2024\/06\/179-8134.jpg\" alt=\"Festyn Rodzinny \u2013 Przedszkole Samorz\u0105dowe im. Misia Uszatka w Lesku\" width=\"615\" height=\"462\" \/><\/p>\n<p>&nbsp;<\/p>\n<p style=\"text-align: center\"><span style=\"font-size: 20px\">Serdecznie zapraszamy rodzic\u00f3w na <strong>Festyn Rodzinny<\/strong>, kt\u00f3ry odb\u0119dzie si\u0119 23.05 (pi\u0105tek) o godzinie 15:30. <\/span><\/p>\n<p style=\"text-align: center\"><span style=\"font-size: 20px\"><strong>W programie:<\/strong><\/span><\/p>\n<p style=\"text-align: center\"><span style=\"font-size: 20px\">-wyst\u0119py artystyczne dzieci<\/span><\/p>\n<p style=\"text-align: center\"><span style=\"font-size: 20px\">-stoiska tematyczne<\/span><\/p>\n<p style=\"text-align: center\"><span style=\"font-size: 20px\">-kawiarenka<\/span><\/p>\n<p style=\"text-align: center\"><span style=\"font-size: 20px\">\u00a0 ZAPRASZAMY DO WSP\u00d3LNEJ ZABAWY<\/span><\/p>\n<p>&nbsp;<\/p>\n","protected":false},"excerpt":{"rendered":"<p>&nbsp; Serdecznie zapraszamy rodzic\u00f3w na Festyn Rodzinny, kt\u00f3ry odb\u0119dzie si\u0119 23.05 (pi\u0105tek) o godzinie 15:30. W programie: -wyst\u0119py artystyczne dzieci -stoiska tematyczne -kawiarenka \u00a0 ZAPRASZAMY DO WSP\u00d3LNEJ ZABAWY &nbsp;<\/p>\n","protected":false},"author":369,"featured_media":0,"comment_status":"open","ping_status":"open","sticky":false,"template":"","format":"standard","meta":{"ngg_post_thumbnail":0,"footnotes":""},"categories":[1],"tags":[],"class_list":["post-2495","post","type-post","status-publish","format-standard","hentry","category-aktualnosci","clearfix"],"_links":{"self":[{"href":"https:\/\/przedszkole87.edu.wroclaw.pl\/index.php\/wp-json\/wp\/v2\/posts\/2495","targetHints":{"allow":["GET"]}}],"collection":[{"href":"https:\/\/przedszkole87.edu.wroclaw.pl\/index.php\/wp-json\/wp\/v2\/posts"}],"about":[{"href":"https:\/\/przedszkole87.edu.wroclaw.pl\/index.php\/wp-json\/wp\/v2\/types\/post"}],"author":[{"embeddable":true,"href":"https:\/\/przedszkole87.edu.wroclaw.pl\/index.php\/wp-json\/wp\/v2\/users\/369"}],"replies":[{"embeddable":true,"href":"https:\/\/przedszkole87.edu.wroclaw.pl\/index.php\/wp-json\/wp\/v2\/comments?post=2495"}],"version-history":[{"count":2,"href":"https:\/\/przedszkole87.edu.wroclaw.pl\/index.php\/wp-json\/wp\/v2\/posts\/2495\/revisions"}],"predecessor-version":[{"id":2498,"href":"https:\/\/przedszkole87.edu.wroclaw.pl\/index.php\/wp-json\/wp\/v2\/posts\/2495\/revisions\/2498"}],"wp:attachment":[{"href":"https:\/\/przedszkole87.edu.wroclaw.pl\/index.php\/wp-json\/wp\/v2\/media?parent=2495"}],"wp:term":[{"taxonomy":"category","embeddable":true,"href":"https:\/\/przedszkole87.edu.wroclaw.pl\/index.php\/wp-json\/wp\/v2\/categories?post=2495"},{"taxonomy":"post_tag","embeddable":true,"href":"https:\/\/przedszkole87.edu.wroclaw.pl\/index.php\/wp-json\/wp\/v2\/tags?post=2495"}],"curies":[{"name":"wp","href":"https:\/\/api.w.org\/{rel}","templated":true}]}}