
{"id":212,"date":"2022-02-18T09:50:37","date_gmt":"2022-02-18T08:50:37","guid":{"rendered":"https:\/\/przedszkole87.edu.wroclaw.pl\/?p=212"},"modified":"2022-02-18T09:50:37","modified_gmt":"2022-02-18T08:50:37","slug":"reguly-dla-rodzicow","status":"publish","type":"post","link":"https:\/\/przedszkole87.edu.wroclaw.pl\/index.php\/2022\/02\/18\/reguly-dla-rodzicow\/","title":{"rendered":"Regu\u0142y dla rodzic\u00f3w"},"content":{"rendered":"<div id=\"maintxt\">\n<p class=\"fontSize14\" align=\"justify\"><strong>Osoba przyprowadzaj\u0105ca dziecko zobowi\u0105zana jest odda\u0107 je pod opiek\u0119 bezpo\u015brednio pracownikowi przedszkola.<\/strong><br \/>\n<em>UZASADNIENIE: My, pracownicy, chcemy zadba\u0107 o pe\u0142ne bezpiecze\u0144stwo waszych dzieci ju\u017c od momentu przyprowadzenia dziecka do przedszkola. Wa\u017cne jest dla nas aby\u015bmy wiedzieli, \u017ce dziecko jest ju\u017c w przedszkolu.<\/em><\/p>\n<p class=\"fontSize14\" align=\"justify\">\n<strong>Dziecko mo\u017ce by\u0107 odebrane z przedszkola przez rodzic\u00f3w lub pisemnie upowa\u017cnione przez nich osoby doros\u0142e. Odbi\u00f3r dziecka nale\u017cy zawsze zg\u0142asza\u0107 nauczycielowi.<\/strong><br \/>\n<em>UZASADNIENIE: Wa\u017cne jest dla nas, aby dziecko bezpiecznie wr\u00f3ci\u0142o do domu.<\/em><\/p>\n<p class=\"fontSize14\" align=\"justify\">\n<strong>Rodzice, kt\u00f3rzy przebywaj\u0105 na terenie przedszkola podczas zabaw i zaj\u0119\u0107 dziecka bior\u0105 na siebie pe\u0142n\u0105 odpowiedzialno\u015b\u0107 za dziecko. Kiedy rodzic za\u0142atwia sprawy w przedszkolu i nie mo\u017ce zaj\u0105\u0107 si\u0119 dzieckiem musi zg\u0142osi\u0107 ten fakt nauczycielowi, wtedy odpowiedzialno\u015b\u0107 przejmuje nauczyciel.<\/strong><br \/>\n<em>UZASADNIENIE: Chcemy, \u017ceby dziecko jednoznacznie wiedzia\u0142o pod czyj\u0105 jest opiek\u0105.<\/em><\/p>\n<p class=\"fontSize14\" align=\"justify\">&nbsp;<\/p>\n<\/div>\n<p><span class=\"fontSize14\"><strong>W przedszkolu nie stosuje si\u0119 wobec dzieci \u017cadnych zabieg\u00f3w medycznych z wyj\u0105tkiem udzielania pierwszej pomocy.<\/strong><br \/>\n<em>UZASADNIENIE: Bardzo zale\u017cy nam na zdrowiu Pa\u0144stwa dzieci ale nie mamy wiedzy medycznej i boimy si\u0119 pope\u0142ni\u0107 pomy\u0142k\u0119.<\/em><\/span><\/p>\n<p>&nbsp;<\/p>\n<p><strong>Rodzice zawiadamiaj\u0105 o wszelkich chorobach dziecka. W czasie choroby dziecko przebywa w domu, a po jej zako\u0144czeniu rodzice przedstawiaj\u0105 o\u015bwiadczenie, \u017ce dziecko jest zdrowe.<\/strong><br \/>\n<em>UZASADNIENIE: Naszym zadaniem jest dba\u0107 o zdrowie wszystkich dzieci i zmniejszy\u0107 ryzyko rozprzestrzeniania si\u0119 chor\u00f3b w przedszkolu.<\/em><\/p>\n<p><strong>Dzieci powinny by\u0107 przyprowadzane do godziny 8<sup>30<\/sup>. O p\u00f3\u017aniejszym przyprowadzeniu dziecka do przedszkola nale\u017cy powiadomi\u0107 nauczycielk\u0119 danej grupy.<\/strong><br \/>\n<em>UZASADNIENIE: Chcemy, aby Pa\u0144stwa dzieci mia\u0142y mo\u017cliwo\u015b\u0107 uczestniczenia w pe\u0142nej ofercie przedszkola i nie by\u0142y nara\u017cone na stres zwi\u0105zany z p\u00f3\u017aniejszym zg\u0142oszeniem si\u0119 na zaj\u0119cia.<\/em><\/p>\n<p><strong>W naszym przedszkolu przyzwyczajamy dzieci do regularnego spo\u017cywania urozmaiconych posi\u0142k\u00f3w. W szczeg\u00f3lnych przypadkach, kiedy dziecko nie toleruje wybranych potraw, wsp\u00f3lnie z rodzicami ustalamy zasady \u017cywienia.<\/strong><br \/>\n<em>UZASADNIENIE: Chcemy, \u017ceby dzieci nie by\u0142y g\u0142odne i otrzyma\u0142y posi\u0142ek zaspokajaj\u0105cy ich potrzeby. Bardzo wa\u017cne jest dla nas, aby dzieci potrafi\u0142y prze\u0142ama\u0107 w\u0142asne uprzedzenia do niekt\u00f3rych potraw.<\/em><\/p>\n<p><strong>Po odebraniu przez rodzic\u00f3w dzieci mog\u0105 przyj\u015b\u0107 do ogr\u00f3dka przedszkolnego tylko pod opiek\u0105 os\u00f3b doros\u0142ych.<\/strong><br \/>\n<em>UZASADNIENIE: Nie bierzemy odpowiedzialno\u015bci za bezpiecze\u0144stwo dzieci, je\u015bli po odebraniu przez rodzic\u00f3w przychodz\u0105 bawi\u0107 si\u0119 w ogrodzie przedszkolnym.<\/em><\/p>\n<p><strong>Na zebrania zapraszamy rodzic\u00f3w bez dzieci.<\/strong><br \/>\n<em>UZASADNIENIE: Podczas zebra\u0144 dzieci si\u0119 nudz\u0105, \u017ale si\u0119 czuj\u0105, a poza tym przeszkadzaj\u0105 rodzicom i nauczycielom skupi\u0107 si\u0119 na temacie oraz szczerze porozmawia\u0107.<\/em><\/p>\n<p><strong>Na teren ogrodu przedszkolnego nie wprowadzamy zwierz\u0105t.<\/strong><br \/>\n<em>UZASADNIENIE: Zale\u017cy nam na zdrowiu i bezpiecze\u0144stwie wszystkich dzieci, a niekt\u00f3re z nich maj\u0105 kategorycznie zabroniony kontakt ze zwierz\u0119tami.<\/em><\/p>\n","protected":false},"excerpt":{"rendered":"<p>Osoba przyprowadzaj\u0105ca dziecko zobowi\u0105zana jest odda\u0107 je pod opiek\u0119 bezpo\u015brednio pracownikowi przedszkola. UZASADNIENIE: My, pracownicy, chcemy zadba\u0107 o pe\u0142ne bezpiecze\u0144stwo waszych dzieci ju\u017c od momentu przyprowadzenia dziecka do przedszkola. Wa\u017cne [&hellip;]<\/p>\n","protected":false},"author":7,"featured_media":0,"comment_status":"open","ping_status":"open","sticky":false,"template":"","format":"standard","meta":{"ngg_post_thumbnail":0,"footnotes":""},"categories":[3],"tags":[],"class_list":["post-212","post","type-post","status-publish","format-standard","hentry","category-aktualnosci-dla-rodzicow","clearfix"],"_links":{"self":[{"href":"https:\/\/przedszkole87.edu.wroclaw.pl\/index.php\/wp-json\/wp\/v2\/posts\/212","targetHints":{"allow":["GET"]}}],"collection":[{"href":"https:\/\/przedszkole87.edu.wroclaw.pl\/index.php\/wp-json\/wp\/v2\/posts"}],"about":[{"href":"https:\/\/przedszkole87.edu.wroclaw.pl\/index.php\/wp-json\/wp\/v2\/types\/post"}],"author":[{"embeddable":true,"href":"https:\/\/przedszkole87.edu.wroclaw.pl\/index.php\/wp-json\/wp\/v2\/users\/7"}],"replies":[{"embeddable":true,"href":"https:\/\/przedszkole87.edu.wroclaw.pl\/index.php\/wp-json\/wp\/v2\/comments?post=212"}],"version-history":[{"count":1,"href":"https:\/\/przedszkole87.edu.wroclaw.pl\/index.php\/wp-json\/wp\/v2\/posts\/212\/revisions"}],"predecessor-version":[{"id":213,"href":"https:\/\/przedszkole87.edu.wroclaw.pl\/index.php\/wp-json\/wp\/v2\/posts\/212\/revisions\/213"}],"wp:attachment":[{"href":"https:\/\/przedszkole87.edu.wroclaw.pl\/index.php\/wp-json\/wp\/v2\/media?parent=212"}],"wp:term":[{"taxonomy":"category","embeddable":true,"href":"https:\/\/przedszkole87.edu.wroclaw.pl\/index.php\/wp-json\/wp\/v2\/categories?post=212"},{"taxonomy":"post_tag","embeddable":true,"href":"https:\/\/przedszkole87.edu.wroclaw.pl\/index.php\/wp-json\/wp\/v2\/tags?post=212"}],"curies":[{"name":"wp","href":"https:\/\/api.w.org\/{rel}","templated":true}]}}