
{"id":1911,"date":"2024-10-16T12:40:13","date_gmt":"2024-10-16T10:40:13","guid":{"rendered":"https:\/\/przedszkole87.edu.wroclaw.pl\/?p=1911"},"modified":"2024-10-16T17:54:29","modified_gmt":"2024-10-16T15:54:29","slug":"tydzien-wloski","status":"publish","type":"post","link":"https:\/\/przedszkole87.edu.wroclaw.pl\/index.php\/2024\/10\/16\/tydzien-wloski\/","title":{"rendered":"TYDZIE\u0143 W\u0141OSKI"},"content":{"rendered":"<p>Szanowni Pa\u0144stwo, w dniach 14.10-18.10.24\u00a0 organizujemy w naszym przedszkolu TYDZIE\u0143 W\u0141OSKI<\/p>\n<p>&nbsp;<\/p>\n<div id='pe-gallery-1' class='pe-gallery pe-gallery-1911 columns-3 img-size-medium'><div class='pe-row'><div class='col-md-4'><figure tabindex='0' class='pe-gallery-item pe-gallery-modal' data-mfp-src='#modal-gallery-1-1917'><div class='pe-gallery-image portrait'>\r\n\t\t\t\t\t\t\t<img loading=\"lazy\" decoding=\"async\" width=\"225\" height=\"300\" src=\"https:\/\/przedszkole87.edu.wroclaw.pl\/wp-content\/uploads\/sites\/73\/2024\/10\/462562691_1707976346661125_6640244410874231701_n-225x300.jpg\" class=\"attachment-medium size-medium\" alt=\"Dekoracje\" data-no-retina=\"\" srcset=\"https:\/\/przedszkole87.edu.wroclaw.pl\/wp-content\/uploads\/sites\/73\/2024\/10\/462562691_1707976346661125_6640244410874231701_n-225x300.jpg 225w, https:\/\/przedszkole87.edu.wroclaw.pl\/wp-content\/uploads\/sites\/73\/2024\/10\/462562691_1707976346661125_6640244410874231701_n-768x1024.jpg 768w, https:\/\/przedszkole87.edu.wroclaw.pl\/wp-content\/uploads\/sites\/73\/2024\/10\/462562691_1707976346661125_6640244410874231701_n-1152x1536.jpg 1152w, https:\/\/przedszkole87.edu.wroclaw.pl\/wp-content\/uploads\/sites\/73\/2024\/10\/462562691_1707976346661125_6640244410874231701_n-e1729076127842.jpg 480w\" sizes=\"auto, (max-width: 225px) 100vw, 225px\" \/>\r\n\t\t\t\t\t\t<\/div><\/figure><div id='modal-gallery-1-1917' class='mfp-modal-content mfp-hide' tabindex='-1' role='dialog' aria-labelledby='gallery-1-1917' style='max-width: 480px;><h4 id='gallery-1-1917'>Tydzie\u0144 w\u0142oski<\/h4><div class='pe-gallery-full-image'><img loading=\"lazy\" decoding=\"async\" width=\"480\" height=\"640\" src=\"https:\/\/przedszkole87.edu.wroclaw.pl\/wp-content\/uploads\/sites\/73\/2024\/10\/462562691_1707976346661125_6640244410874231701_n-e1729076127842.jpg\" class=\"attachment-full size-full\" alt=\"Dekoracje\" data-no-retina=\"\" \/><\/div><p><\/p><\/div><\/div><div class='col-md-4'><figure tabindex='0' class='pe-gallery-item pe-gallery-modal' data-mfp-src='#modal-gallery-1-1916'><div class='pe-gallery-image portrait'>\r\n\t\t\t\t\t\t\t<img loading=\"lazy\" decoding=\"async\" width=\"225\" height=\"300\" src=\"https:\/\/przedszkole87.edu.wroclaw.pl\/wp-content\/uploads\/sites\/73\/2024\/10\/462551974_800040025466905_5212839726246910892_n-225x300.jpg\" class=\"attachment-medium size-medium\" alt=\"\" data-no-retina=\"\" srcset=\"https:\/\/przedszkole87.edu.wroclaw.pl\/wp-content\/uploads\/sites\/73\/2024\/10\/462551974_800040025466905_5212839726246910892_n-225x300.jpg 225w, https:\/\/przedszkole87.edu.wroclaw.pl\/wp-content\/uploads\/sites\/73\/2024\/10\/462551974_800040025466905_5212839726246910892_n-768x1024.jpg 768w, https:\/\/przedszkole87.edu.wroclaw.pl\/wp-content\/uploads\/sites\/73\/2024\/10\/462551974_800040025466905_5212839726246910892_n-1152x1536.jpg 1152w, https:\/\/przedszkole87.edu.wroclaw.pl\/wp-content\/uploads\/sites\/73\/2024\/10\/462551974_800040025466905_5212839726246910892_n-e1729076166261.jpg 480w\" sizes=\"auto, (max-width: 225px) 100vw, 225px\" \/>\r\n\t\t\t\t\t\t<\/div><\/figure><div id='modal-gallery-1-1916' class='mfp-modal-content mfp-hide' tabindex='-1' role='dialog' aria-labelledby='gallery-1-1916' style='max-width: 480px;><h4 id='gallery-1-1916'>Tydzie\u0144 w\u0142oski<\/h4><div class='pe-gallery-full-image'><img loading=\"lazy\" decoding=\"async\" width=\"480\" height=\"640\" src=\"https:\/\/przedszkole87.edu.wroclaw.pl\/wp-content\/uploads\/sites\/73\/2024\/10\/462551974_800040025466905_5212839726246910892_n-e1729076166261.jpg\" class=\"attachment-full size-full\" alt=\"\" data-no-retina=\"\" \/><\/div><p><\/p><\/div><\/div><div class='col-md-4'><figure tabindex='0' class='pe-gallery-item pe-gallery-modal' data-mfp-src='#modal-gallery-1-1914'><div class='pe-gallery-image landscape'>\r\n\t\t\t\t\t\t\t<img loading=\"lazy\" decoding=\"async\" width=\"300\" height=\"225\" src=\"https:\/\/przedszkole87.edu.wroclaw.pl\/wp-content\/uploads\/sites\/73\/2024\/10\/462551924_559396529789455_2954727301391949077_n-300x225.jpg\" class=\"attachment-medium size-medium\" alt=\"\" data-no-retina=\"\" srcset=\"https:\/\/przedszkole87.edu.wroclaw.pl\/wp-content\/uploads\/sites\/73\/2024\/10\/462551924_559396529789455_2954727301391949077_n-300x225.jpg 300w, https:\/\/przedszkole87.edu.wroclaw.pl\/wp-content\/uploads\/sites\/73\/2024\/10\/462551924_559396529789455_2954727301391949077_n-1024x768.jpg 1024w, https:\/\/przedszkole87.edu.wroclaw.pl\/wp-content\/uploads\/sites\/73\/2024\/10\/462551924_559396529789455_2954727301391949077_n-768x576.jpg 768w, https:\/\/przedszkole87.edu.wroclaw.pl\/wp-content\/uploads\/sites\/73\/2024\/10\/462551924_559396529789455_2954727301391949077_n-1536x1152.jpg 1536w, https:\/\/przedszkole87.edu.wroclaw.pl\/wp-content\/uploads\/sites\/73\/2024\/10\/462551924_559396529789455_2954727301391949077_n-e1729076194613.jpg 640w\" sizes=\"auto, (max-width: 300px) 100vw, 300px\" \/>\r\n\t\t\t\t\t\t<\/div><\/figure><div id='modal-gallery-1-1914' class='mfp-modal-content mfp-hide' tabindex='-1' role='dialog' aria-labelledby='gallery-1-1914' style='max-width: 640px;><h4 id='gallery-1-1914'>462551924_559396529789455_2954727301391949077_n<\/h4><div class='pe-gallery-full-image'><img loading=\"lazy\" decoding=\"async\" width=\"640\" height=\"480\" src=\"https:\/\/przedszkole87.edu.wroclaw.pl\/wp-content\/uploads\/sites\/73\/2024\/10\/462551924_559396529789455_2954727301391949077_n-e1729076194613.jpg\" class=\"attachment-full size-full\" alt=\"\" data-no-retina=\"\" \/><\/div><p><\/p><\/div><\/div><\/div><\/div>\n\n","protected":false},"excerpt":{"rendered":"<p>Szanowni Pa\u0144stwo, w dniach 14.10-18.10.24\u00a0 organizujemy w naszym przedszkolu TYDZIE\u0143 W\u0141OSKI &nbsp;<\/p>\n","protected":false},"author":368,"featured_media":0,"comment_status":"open","ping_status":"open","sticky":false,"template":"","format":"standard","meta":{"ngg_post_thumbnail":0,"footnotes":""},"categories":[1],"tags":[],"class_list":["post-1911","post","type-post","status-publish","format-standard","hentry","category-aktualnosci","clearfix"],"_links":{"self":[{"href":"https:\/\/przedszkole87.edu.wroclaw.pl\/index.php\/wp-json\/wp\/v2\/posts\/1911","targetHints":{"allow":["GET"]}}],"collection":[{"href":"https:\/\/przedszkole87.edu.wroclaw.pl\/index.php\/wp-json\/wp\/v2\/posts"}],"about":[{"href":"https:\/\/przedszkole87.edu.wroclaw.pl\/index.php\/wp-json\/wp\/v2\/types\/post"}],"author":[{"embeddable":true,"href":"https:\/\/przedszkole87.edu.wroclaw.pl\/index.php\/wp-json\/wp\/v2\/users\/368"}],"replies":[{"embeddable":true,"href":"https:\/\/przedszkole87.edu.wroclaw.pl\/index.php\/wp-json\/wp\/v2\/comments?post=1911"}],"version-history":[{"count":3,"href":"https:\/\/przedszkole87.edu.wroclaw.pl\/index.php\/wp-json\/wp\/v2\/posts\/1911\/revisions"}],"predecessor-version":[{"id":1919,"href":"https:\/\/przedszkole87.edu.wroclaw.pl\/index.php\/wp-json\/wp\/v2\/posts\/1911\/revisions\/1919"}],"wp:attachment":[{"href":"https:\/\/przedszkole87.edu.wroclaw.pl\/index.php\/wp-json\/wp\/v2\/media?parent=1911"}],"wp:term":[{"taxonomy":"category","embeddable":true,"href":"https:\/\/przedszkole87.edu.wroclaw.pl\/index.php\/wp-json\/wp\/v2\/categories?post=1911"},{"taxonomy":"post_tag","embeddable":true,"href":"https:\/\/przedszkole87.edu.wroclaw.pl\/index.php\/wp-json\/wp\/v2\/tags?post=1911"}],"curies":[{"name":"wp","href":"https:\/\/api.w.org\/{rel}","templated":true}]}}