
{"id":191,"date":"2022-02-18T09:03:13","date_gmt":"2022-02-18T08:03:13","guid":{"rendered":"https:\/\/przedszkole87.edu.wroclaw.pl\/?p=191"},"modified":"2022-02-18T09:19:17","modified_gmt":"2022-02-18T08:19:17","slug":"moje-dziecko-inne-w-domu-inne-w-przedszkolu","status":"publish","type":"post","link":"https:\/\/przedszkole87.edu.wroclaw.pl\/index.php\/2022\/02\/18\/moje-dziecko-inne-w-domu-inne-w-przedszkolu\/","title":{"rendered":"Moje dziecko inne w domu , inne w przedszkolu"},"content":{"rendered":"<p>Z naszych do\u015bwiadcze\u0144 wynika, \u017ce w czasie rozm\u00f3w indywidualnych nauczycielki z rodzicami czasem wychodzi na jaw, i\u017c dziecko zupe\u0142nie inaczej zachowuje si\u0119 w domu a inaczej w grupie przedszkolnej. Rodzice i nauczycielka mog\u0105 odnie\u015b\u0107 wtedy wra\u017cenie, \u017ce rozmawiaj\u0105 o dw\u00f3ch zupe\u0142nie innych osobach; okazuje si\u0119 bowiem, \u017ce dziecko ciche i spokojne w domu \u2013 w przedszkolu za \u017cadne skarby nie chce podporz\u0105dkowa\u0107 si\u0119 grupowym zasadom. Bez przerwy protestuje albo zaczepia inne dzieci. Mo\u017cna sobie wyobrazi\u0107 zdziwienie mamy, gdy s\u0142yszy od nauczycielki, \u017ce to w\u0142a\u015bnie jej grzeczne w domu dziecko \u2013 \u201erozk\u0142ada prac\u0119 w grupie\u201d. Bywa te\u017c odwrotnie; mama nie mo\u017ce si\u0119 nadziwi\u0107, \u017ce jej dziecko s\u0142ucha pani, grzecznie si\u0119 bawi, ch\u0119tnie pomaga innym, sprz\u0105ta po sobie zabawki! W domu natomiast \u201e nie ma na niego sposobu\u201d, zazwyczaj ma odmienne zdanie ni\u017c rodzice, rzadko ma ochot\u0119 na wykonywanie prac porz\u0105dkowych wok\u00f3\u0142 siebie.<\/p>\n<p>Zar\u00f3wno rodzice jak i nauczycielka cz\u0119sto interpretuj\u0105 tak\u0105 r\u00f3\u017cnic\u0119 w zachowaniu dziecka jako wynik nieodpowiedniego post\u0119powania tej drugiej strony. Rodzice zapewne z oburzeniem podejrzewaj\u0105 wymuszanie pos\u0142uchu, a wychowawczyni podejrzewa rodzic\u00f3w o nadmierne rozpieszczanie i wyr\u0119czanie dziecka w domu.<\/p>\n<p>Teoretycy wychowania wzywaj\u0105 tu do ujednolicenia wymaga\u0144 wobec dziecka adekwatnie do jego wieku, przez wszystkich, kt\u00f3rzy si\u0119 nim zajmuj\u0105. W wielu kwestiach zasad\u0119 t\u0119 trudno podwa\u017cy\u0107. Z pewno\u015bci\u0105 widok babci, kt\u00f3ra mimo b\u00f3lu w krzy\u017cu schyla si\u0119 do st\u00f3p wnusia, cho\u0107 on ju\u017c od kilku lat radzi sobie z wi\u0105zaniem but\u00f3w (gdy musi), nie jest widokiem buduj\u0105cym. Ale c\u00f3\u017c &#8211; ju\u017c takie wyj\u0105tkowe i kochane s\u0105 te nasze babcie, kt\u00f3rym ci\u0105gle si\u0119 wydaje, \u017ce wnusio jest nadal rocznym male\u0144stwem.<\/p>\n<p>Nasz zdrowy rozs\u0105dek potrafi jednak wyja\u015bni\u0107 t\u0119 sytuacj\u0119. Przecie\u017c mama, czy babcia pe\u0142ni\u0105 inn\u0105 rol\u0119 w \u017cyciu dziecka ni\u017c pani z przedszkola. Tak\u017ce i sytuacja w domu jest inna ni\u017c w przedszkolu. Tylko pozornie s\u0142uszne wydaje si\u0119, by oczekiwa\u0107 od dziecka tego samego w obu sytuacjach. Nawet cz\u0142owiek doros\u0142y wymaga od siebie sprostania pewnym regu\u0142om w pracy, a zwalnia si\u0119 z nich w domu. Ka\u017cdemu z nas potrzeba sytuacji, w kt\u00f3rej mo\u017cemy si\u0119 sprawdzi\u0107, ale pod warunkiem, \u017ce w innych warunkach b\u0119dziemy mogli mniej si\u0119 stara\u0107 i troch\u0119 rozlu\u017ani\u0107, a nawet pope\u0142ni\u0107 jaki\u015b b\u0142\u0105d. Nawet dwulatek potrafi si\u0119 nauczy\u0107, \u017ce co innego wolno przy mamie, co innego przy babci.<\/p>\n<p>Podporz\u0105dkowanie si\u0119 poleceniom wychowawczyni, normom grupy czy powstrzymywanie si\u0119 od kapryszenia wymaga od dziecka ju\u017c pewnej dojrza\u0142o\u015bci.<\/p>\n<p>Niekt\u00f3re z ha\u0142a\u015bliwych, przekornych przedszkolak\u00f3w to dzieci, kt\u00f3re walcz\u0105 w ten spos\u00f3b o swoj\u0105 indywidualno\u015b\u0107. Pragn\u0105 one za wszelk\u0105 cen\u0119 (nawet cen\u0119 kary), odr\u00f3\u017cni\u0107 si\u0119 od pozosta\u0142ych dzieci. Czuj\u0105 si\u0119 zaniepokojone tym, \u017ce wszystkie zabawki w sali s\u0105 wsp\u00f3lne. Jest to dla nich ogromny chaos, je\u015bli \u015bwiata nie da si\u0119 uporz\u0105dkowa\u0107 na rzeczy \u201emoje\u201d i \u201enie moje\u201d. Ich dramat polega na tym, \u017ce wol\u0105 by\u0107 nie lubiane i karane ni\u017c traktowane jak wszystkie inne dzieci w grupie. Prze\u017cywaj\u0105 bowiem wtedy niepok\u00f3j, \u017ce s\u0105 niezauwa\u017cane, niewa\u017cne, \u017ce w grupie zatraca si\u0119 ich indywidualno\u015b\u0107, odr\u0119bno\u015b\u0107 i musi up\u0142yn\u0105\u0107 wiele czasu, zanim \u201emaluch\u201d nauczy si\u0119 regu\u0142 \u017cycia w grupie, przekona si\u0119, \u017ce nie wszystko zale\u017cy od doros\u0142ych. Po jakim\u015b czasie poczuje si\u0119 pewniej i zacznie szuka\u0107 naturalnej przyjemno\u015bci w przynale\u017ceniu do grupy innych dzieci. Ch\u0142opiec b\u0119dzie chcia\u0142 z innymi kolegami budowa\u0107 z klock\u00f3w, a dziewczynka wsp\u00f3lnie z innymi b\u0119dzie bawi\u0142a si\u0119 w dom.<\/p>\n<p>Bywa te\u017c odwrotnie, \u017ce dziecko w domu wobec rodze\u0144stwa agresywnie walczy o swoj\u0105 indywidualno\u015b\u0107, natomiast w przedszkolu jest spokojne, wyciszone, opanowane.<\/p>\n<p>Cz\u0119\u015b\u0107 dzieci, zupe\u0142nie jak doro\u015bli w pracy, znajduje w przedszkolu jak\u0105\u015b odskoczni\u0119 od domowych napi\u0119\u0107. Dziecko przecie\u017c prze\u017cywa du\u017co bardziej, np. napi\u0119cie mi\u0119dzy rodzicami lub chorob\u0119 kogo\u015b najbli\u017cszego. To tylko nam doros\u0142ym czasem wydaje si\u0119, \u017ce dziecko jest ma\u0142e i \u201ejeszcze tego nie rozumie\u201d, tymczasem jest to doskona\u0142y obserwator, kt\u00f3ry rozumie wi\u0119cej ni\u017c my\u015blimy. A \u017ce czasem nie umie wyt\u0142umaczy\u0107 co dooko\u0142a jest \u201enie tak\u201d, jego l\u0119k wzrasta, odczuwa jakie\u015b zagro\u017cenie, o kt\u00f3rym nie potrafi opowiedzie\u0107.<\/p>\n<p>Istnieje wi\u0119c du\u017co powod\u00f3w, dla kt\u00f3rych zachowanie dziecka w domu mo\u017ce by\u0107 zgo\u0142a r\u00f3\u017cne ni\u017c w przedszkolu. Lecz je\u015bli r\u00f3\u017cnica w tych zachowaniach jest ra\u017c\u0105ca mo\u017ce by\u0107 to sygna\u0142 czego\u015b niepokoj\u0105cego. Dziecko wysy\u0142a nam informacj\u0119, \u017ce w kt\u00f3rym\u015b z tych miejsc jest mu zbyt trudno. Takim trudnym miejscem mo\u017ce by\u0107 zar\u00f3wno przedszkole jak i dom.<\/p>\n<p>Pami\u0119tajmy wi\u0119c o tym, aby da\u0107 dziecku mo\u017cliwo\u015b\u0107 odreagowania, odpoczynku. W domu niech odpocznie od przedszkola i odwrotnie. Przecie\u017c my doro\u015bli te\u017c wymagamy po pracy odpoczynku w zaciszu domowym, a praca pozwala nam zapomnie\u0107 o domowych k\u0142opotach. Podobnie jest z dzie\u0107mi.<\/p>\n<p>Je\u015bli nie popadamy w skrajno\u015b\u0107, maj\u0105c w domu nieco inne wymagania ni\u017c w przedszkolu, uczymy dziecko elastyczno\u015bci i adekwatnego odr\u00f3\u017cniania wymog\u00f3w sytuacji.<\/p>\n","protected":false},"excerpt":{"rendered":"<p>Z naszych do\u015bwiadcze\u0144 wynika, \u017ce w czasie rozm\u00f3w indywidualnych nauczycielki z rodzicami czasem wychodzi na jaw, i\u017c dziecko zupe\u0142nie inaczej zachowuje si\u0119 w domu a inaczej w grupie przedszkolnej. Rodzice [&hellip;]<\/p>\n","protected":false},"author":7,"featured_media":0,"comment_status":"open","ping_status":"open","sticky":false,"template":"","format":"standard","meta":{"ngg_post_thumbnail":0,"footnotes":""},"categories":[3],"tags":[],"class_list":["post-191","post","type-post","status-publish","format-standard","hentry","category-aktualnosci-dla-rodzicow","clearfix"],"_links":{"self":[{"href":"https:\/\/przedszkole87.edu.wroclaw.pl\/index.php\/wp-json\/wp\/v2\/posts\/191","targetHints":{"allow":["GET"]}}],"collection":[{"href":"https:\/\/przedszkole87.edu.wroclaw.pl\/index.php\/wp-json\/wp\/v2\/posts"}],"about":[{"href":"https:\/\/przedszkole87.edu.wroclaw.pl\/index.php\/wp-json\/wp\/v2\/types\/post"}],"author":[{"embeddable":true,"href":"https:\/\/przedszkole87.edu.wroclaw.pl\/index.php\/wp-json\/wp\/v2\/users\/7"}],"replies":[{"embeddable":true,"href":"https:\/\/przedszkole87.edu.wroclaw.pl\/index.php\/wp-json\/wp\/v2\/comments?post=191"}],"version-history":[{"count":2,"href":"https:\/\/przedszkole87.edu.wroclaw.pl\/index.php\/wp-json\/wp\/v2\/posts\/191\/revisions"}],"predecessor-version":[{"id":197,"href":"https:\/\/przedszkole87.edu.wroclaw.pl\/index.php\/wp-json\/wp\/v2\/posts\/191\/revisions\/197"}],"wp:attachment":[{"href":"https:\/\/przedszkole87.edu.wroclaw.pl\/index.php\/wp-json\/wp\/v2\/media?parent=191"}],"wp:term":[{"taxonomy":"category","embeddable":true,"href":"https:\/\/przedszkole87.edu.wroclaw.pl\/index.php\/wp-json\/wp\/v2\/categories?post=191"},{"taxonomy":"post_tag","embeddable":true,"href":"https:\/\/przedszkole87.edu.wroclaw.pl\/index.php\/wp-json\/wp\/v2\/tags?post=191"}],"curies":[{"name":"wp","href":"https:\/\/api.w.org\/{rel}","templated":true}]}}