
{"id":172,"date":"2022-02-17T10:45:05","date_gmt":"2022-02-17T09:45:05","guid":{"rendered":"https:\/\/przedszkole87.edu.wroclaw.pl\/?p=172"},"modified":"2022-02-17T10:45:05","modified_gmt":"2022-02-17T09:45:05","slug":"stanowisko-glownego-inspektora-sanitarnego-w-sprawie-szczotkowania-zebow-przez-dzieci-w-przedszkolu","status":"publish","type":"post","link":"https:\/\/przedszkole87.edu.wroclaw.pl\/index.php\/2022\/02\/17\/stanowisko-glownego-inspektora-sanitarnego-w-sprawie-szczotkowania-zebow-przez-dzieci-w-przedszkolu\/","title":{"rendered":"Stanowisko G\u0142\u00f3wnego Inspektora Sanitarnego w sprawie szczotkowania z\u0119b\u00f3w przez dzieci w przedszkolu"},"content":{"rendered":"<p><strong>Drogi Rodzicu przeczytaj &#8211; Stanowisko G\u0142\u00f3wnego Inspektora Sanitarnego w sprawie szczotkowania z\u0119b\u00f3w przez dzieci w przedszkolu (plik pdf u do\u0142u strony w &#8222;plikach do pobrania&#8221;)<\/strong><\/p>\n<p><strong>&nbsp;<\/strong><\/p>\n<p><strong>Janusz Korczak &#8211; Przykazania dla rodzic\u00f3w<\/strong><\/p>\n<ol>\n<li>Nie psuj mnie. Dobrze wiem, \u017ce nie powinienem mie\u0107 tego wszystkiego, czego si\u0119 domagam. To tylko pr\u00f3ba si\u0142 z mojej strony.<\/li>\n<li>Nie b\u00f3j si\u0119 stanowczo\u015bci. W\u0142a\u015bnie tego potrzebuj\u0119 &#8211; poczucia bezpiecze\u0144stwa.<\/li>\n<li>Nie bagatelizuj moich z\u0142ych nawyk\u00f3w. Tylko ty mo\u017cesz pom\u00f3c mi zwalczy\u0107 z\u0142o, p\u00f3ki jest to jeszcze w og\u00f3le mo\u017cliwe.<\/li>\n<li>Nie r\u00f3b ze mnie wi\u0119kszego dziecka, ni\u017c jestem. To sprawia, \u017ce przyjmuje postaw\u0119 g\u0142upio doros\u0142\u0105.<\/li>\n<li>Nie zwracaj mi uwagi przy innych ludziach, je\u015bli nie jest to absolutnie konieczne. O wiele bardziej przejmuj\u0119 si\u0119 tym, co m\u00f3wisz, je\u015bli rozmawiamy w cztery oczy.<\/li>\n<li>Nie chro\u0144 mnie przed konsekwencjami. Czasami dobrze jest nauczy\u0107 si\u0119 rzeczy bolesnych i nieprzyjemnych.<\/li>\n<li>Nie wmawiaj mi, \u017ce b\u0142\u0119dy, kt\u00f3re pope\u0142niam, s\u0105 grzechem. To zagra\u017ca mojemu poczuciu warto\u015bci.<\/li>\n<li>Nie przejmuj si\u0119 za bardzo, gdy m\u00f3wi\u0119, \u017ce ci\u0119 nienawidz\u0119. To nie ty jeste\u015b moim wrogiem, lecz twoja mia\u017cd\u017c\u0105ca przewaga !<\/li>\n<li>Nie zwracaj zbytniej uwagi na moje drobne dolegliwo\u015bci. Czasami wykorzystuj\u0119 je, by przyci\u0105gn\u0105\u0107 twoj\u0105 uwag\u0119.<\/li>\n<li>Nie zrz\u0119d\u017a. W przeciwnym razie musz\u0119 si\u0119 przed tob\u0105 broni\u0107 i robi\u0119 si\u0119 g\u0142uchy.<\/li>\n<li>Nie dawaj mi obietnic bez pokrycia. Czuj\u0119 si\u0119 przera\u017aliwie t\u0142amszony, kiedy nic z tego wszystkiego nie wychodzi.<\/li>\n<li>Nie zapominaj, \u017ce jeszcze trudno mi jest precyzyjnie wyrazi\u0107 my\u015bli. To dlatego nie zawsze si\u0119 rozumiemy.<\/li>\n<li>Nie sprawdzaj z uporem maniaka mojej uczciwo\u015bci. Zbyt \u0142atwo strach zmusza mnie do k\u0142amstwa.<\/li>\n<li>Nie b\u0105d\u017a niekonsekwentny. To mnie og\u0142upia i wtedy trac\u0119 ca\u0142\u0105 moj\u0105 wiar\u0119 w ciebie.<\/li>\n<li>Nie odtr\u0105caj mnie, gdy dr\u0119cz\u0119 ci\u0119 pytaniami. Mo\u017ce si\u0119 wkr\u00f3tce okaza\u0107, \u017ce zamiast prosi\u0107 ci\u0119 o wyja\u015bnienia, poszukam ich gdzie indziej.<\/li>\n<li>Nie wmawiaj mi, \u017ce moje l\u0119ki s\u0105 g\u0142upie. One po prostu s\u0105.<\/li>\n<li>Nie r\u00f3b z siebie nieskazitelnego idea\u0142u. Prawda na tw\u00f3j temat by\u0142aby w przysz\u0142o\u015bci nie do zniesienia. Nie wyobra\u017caj sobie, i\u017c przepraszaj\u0105c mnie stracisz autorytet. Za uczciw\u0105 gr\u0119 umiem podzi\u0119kowa\u0107 mi\u0142o\u015bci\u0105, o jakiej nawet ci si\u0119 nie \u015bni\u0142o.<\/li>\n<li>Nie zapominaj, \u017ce uwielbiam wszelkiego rodzaju eksperymenty. To po prostu m\u00f3j spos\u00f3b na \u017cycie, wi\u0119c przymknij na to oczy.<\/li>\n<li>Nie b\u0105d\u017a \u015blepy i przyznaj, \u017ce ja te\u017c rosn\u0119. Wiem, jak trudno dotrzyma\u0107 mi kroku w tym galopie, ale zr\u00f3b, co mo\u017cesz, \u017ceby nam si\u0119 to uda\u0142o.<\/li>\n<li>Nie b\u00f3j si\u0119 mi\u0142o\u015bci. Nigdy.<\/li>\n<\/ol>\n<h3 class=\"files-header\">Pliki do pobrania<\/h3>\n<p><a href=\"\/wp-content\/uploads\/sites\/73\/2022\/02\/stanowisko_glownego_inspektora_sanitarnego_w_sprawie_szczotkowania_zebow_dzieci_w_przedszkolu.pdf\" target=\"_blank\" rel=\"noopener\"><span class=\"title\">Stanowisko g\u0142\u00f3wnego inspektora sanitarnego w sprawie szczotkowania zeb\u00f3w dzieci w przedszkolu.pdf <span class=\"size\">(512.74 KB)<\/span><\/span><\/a><\/p>\n","protected":false},"excerpt":{"rendered":"<p>Drogi Rodzicu przeczytaj &#8211; Stanowisko G\u0142\u00f3wnego Inspektora Sanitarnego w sprawie szczotkowania z\u0119b\u00f3w przez dzieci w przedszkolu (plik pdf u do\u0142u strony w &#8222;plikach do pobrania&#8221;) &nbsp; Janusz Korczak &#8211; Przykazania [&hellip;]<\/p>\n","protected":false},"author":7,"featured_media":0,"comment_status":"open","ping_status":"open","sticky":false,"template":"","format":"standard","meta":{"ngg_post_thumbnail":0,"footnotes":""},"categories":[3],"tags":[],"class_list":["post-172","post","type-post","status-publish","format-standard","hentry","category-aktualnosci-dla-rodzicow","clearfix"],"_links":{"self":[{"href":"https:\/\/przedszkole87.edu.wroclaw.pl\/index.php\/wp-json\/wp\/v2\/posts\/172","targetHints":{"allow":["GET"]}}],"collection":[{"href":"https:\/\/przedszkole87.edu.wroclaw.pl\/index.php\/wp-json\/wp\/v2\/posts"}],"about":[{"href":"https:\/\/przedszkole87.edu.wroclaw.pl\/index.php\/wp-json\/wp\/v2\/types\/post"}],"author":[{"embeddable":true,"href":"https:\/\/przedszkole87.edu.wroclaw.pl\/index.php\/wp-json\/wp\/v2\/users\/7"}],"replies":[{"embeddable":true,"href":"https:\/\/przedszkole87.edu.wroclaw.pl\/index.php\/wp-json\/wp\/v2\/comments?post=172"}],"version-history":[{"count":1,"href":"https:\/\/przedszkole87.edu.wroclaw.pl\/index.php\/wp-json\/wp\/v2\/posts\/172\/revisions"}],"predecessor-version":[{"id":174,"href":"https:\/\/przedszkole87.edu.wroclaw.pl\/index.php\/wp-json\/wp\/v2\/posts\/172\/revisions\/174"}],"wp:attachment":[{"href":"https:\/\/przedszkole87.edu.wroclaw.pl\/index.php\/wp-json\/wp\/v2\/media?parent=172"}],"wp:term":[{"taxonomy":"category","embeddable":true,"href":"https:\/\/przedszkole87.edu.wroclaw.pl\/index.php\/wp-json\/wp\/v2\/categories?post=172"},{"taxonomy":"post_tag","embeddable":true,"href":"https:\/\/przedszkole87.edu.wroclaw.pl\/index.php\/wp-json\/wp\/v2\/tags?post=172"}],"curies":[{"name":"wp","href":"https:\/\/api.w.org\/{rel}","templated":true}]}}